{"id":3806,"date":"2024-10-25T11:53:24","date_gmt":"2024-10-25T09:53:24","guid":{"rendered":"https:\/\/www.skiservice.com\/mise-a-jour-fermeture-du-ski-service-les-ruinettes-et-agrandissement-de-lespace-de-stockage-des-skis-dans-notre-magasin-principal\/"},"modified":"2024-12-26T10:36:43","modified_gmt":"2024-12-26T09:36:43","slug":"fermeture-ski-service-les-ruinettes-et-agrandissement-de-lespace-de-stockage-des-skis-dans-notre-magasin-principal","status":"publish","type":"post","link":"https:\/\/www.skiservice.com\/fr\/fermeture-ski-service-les-ruinettes-et-agrandissement-de-lespace-de-stockage-des-skis-dans-notre-magasin-principal\/","title":{"rendered":"Mise \u00e0 jour : Fermeture du Ski Service Les Ruinettes et agrandissement de la consigne des skis dans notre magasin principal"},"content":{"rendered":"<p>Alors que nous faisons nos adieux \u00e0 Ski Service Les Ruinettes, nous sommes heureux d&rsquo;annoncer une am\u00e9lioration majeure de notre site principal.<\/p>\n","protected":false},"excerpt":{"rendered":"<p>Alors que nous faisons nos adieux \u00e0 Ski Service Les Ruinettes, nous sommes heureux d&rsquo;annoncer une am\u00e9lioration majeure de notre site principal.<\/p>\n","protected":false},"author":4,"featured_media":0,"comment_status":"closed","ping_status":"closed","sticky":false,"template":"","format":"standard","meta":{"_acf_changed":false,"inline_featured_image":false,"footnotes":""},"categories":[26],"tags":[],"class_list":["post-3806","post","type-post","status-publish","format-standard","hentry","category-non-classifiee"],"acf":[],"yoast_head":"<!-- This site is optimized with the Yoast SEO plugin v26.4 - https:\/\/yoast.com\/wordpress\/plugins\/seo\/ -->\n<title>Mise \u00e0 jour : Fermeture du Ski Service Les Ruinettes et agrandissement de la consigne des skis dans notre magasin principal - Ski Service | Verbier Ski Hire | Bike Rental | Lift Pass<\/title>\n<meta name=\"description\" content=\"Notre merveilleux chapitre Ski Service Les Ruinettes s&#039;ach\u00e8ve alors que notre offre de stockage gratuit des skis ne cesse de s&#039;\u00e9toffer.\" \/>\n<meta name=\"robots\" content=\"index, follow, max-snippet:-1, max-image-preview:large, max-video-preview:-1\" \/>\n<link rel=\"canonical\" href=\"https:\/\/www.skiservice.com\/fr\/fermeture-ski-service-les-ruinettes-et-agrandissement-de-lespace-de-stockage-des-skis-dans-notre-magasin-principal\/\" \/>\n<meta property=\"og:locale\" content=\"fr_FR\" \/>\n<meta property=\"og:type\" content=\"article\" \/>\n<meta property=\"og:title\" content=\"Mise \u00e0 jour : Fermeture du Ski Service Les Ruinettes et agrandissement de la consigne des skis dans notre magasin principal - Ski Service | Verbier Ski Hire | Bike Rental | Lift Pass\" \/>\n<meta property=\"og:description\" content=\"Notre merveilleux chapitre Ski Service Les Ruinettes s&#039;ach\u00e8ve alors que notre offre de stockage gratuit des skis ne cesse de s&#039;\u00e9toffer.\" \/>\n<meta property=\"og:url\" content=\"https:\/\/www.skiservice.com\/fr\/fermeture-ski-service-les-ruinettes-et-agrandissement-de-lespace-de-stockage-des-skis-dans-notre-magasin-principal\/\" \/>\n<meta property=\"og:site_name\" content=\"Ski Service | Verbier Ski Hire | Bike Rental | Lift Pass\" \/>\n<meta property=\"article:publisher\" content=\"https:\/\/www.facebook.com\/skiserviceverbier\" \/>\n<meta property=\"article:published_time\" content=\"2024-10-25T09:53:24+00:00\" \/>\n<meta property=\"article:modified_time\" content=\"2024-12-26T09:36:43+00:00\" \/>\n<meta property=\"og:image\" content=\"https:\/\/www.skiservice.com\/wp-content\/uploads\/2024\/12\/black-friday-verbier-ski-hire-powder-red-jacket-scaled-e1733707310608.jpg\" \/>\n\t<meta property=\"og:image:width\" content=\"1617\" \/>\n\t<meta property=\"og:image:height\" content=\"1284\" \/>\n\t<meta property=\"og:image:type\" content=\"image\/jpeg\" \/>\n<meta name=\"author\" content=\"manager@agence-mint.ch\" \/>\n<meta name=\"twitter:card\" content=\"summary_large_image\" \/>\n<meta name=\"twitter:creator\" content=\"@skiserviceverbi\" \/>\n<meta name=\"twitter:site\" content=\"@skiserviceverbi\" \/>\n<meta name=\"twitter:label1\" content=\"\u00c9crit par\" \/>\n\t<meta name=\"twitter:data1\" content=\"manager@agence-mint.ch\" \/>\n\t<meta name=\"twitter:label2\" content=\"Dur\u00e9e de lecture estim\u00e9e\" \/>\n\t<meta name=\"twitter:data2\" content=\"1 minute\" \/>\n<script type=\"application\/ld+json\" class=\"yoast-schema-graph\">{\"@context\":\"https:\/\/schema.org\",\"@graph\":[{\"@type\":\"Article\",\"@id\":\"https:\/\/www.skiservice.com\/fr\/fermeture-ski-service-les-ruinettes-et-agrandissement-de-lespace-de-stockage-des-skis-dans-notre-magasin-principal\/#article\",\"isPartOf\":{\"@id\":\"https:\/\/www.skiservice.com\/fr\/fermeture-ski-service-les-ruinettes-et-agrandissement-de-lespace-de-stockage-des-skis-dans-notre-magasin-principal\/\"},\"author\":{\"name\":\"manager@agence-mint.ch\",\"@id\":\"https:\/\/www.skiservice.com\/fr\/#\/schema\/person\/c6bc208d9ed9ec0fa7cc00be3ef2b073\"},\"headline\":\"Mise \u00e0 jour : Fermeture du Ski Service Les Ruinettes et agrandissement de la consigne des skis dans notre magasin principal\",\"datePublished\":\"2024-10-25T09:53:24+00:00\",\"dateModified\":\"2024-12-26T09:36:43+00:00\",\"mainEntityOfPage\":{\"@id\":\"https:\/\/www.skiservice.com\/fr\/fermeture-ski-service-les-ruinettes-et-agrandissement-de-lespace-de-stockage-des-skis-dans-notre-magasin-principal\/\"},\"wordCount\":42,\"publisher\":{\"@id\":\"https:\/\/www.skiservice.com\/fr\/#organization\"},\"articleSection\":[\"Non classifi\u00e9(e)\"],\"inLanguage\":\"fr-FR\"},{\"@type\":\"WebPage\",\"@id\":\"https:\/\/www.skiservice.com\/fr\/fermeture-ski-service-les-ruinettes-et-agrandissement-de-lespace-de-stockage-des-skis-dans-notre-magasin-principal\/\",\"url\":\"https:\/\/www.skiservice.com\/fr\/fermeture-ski-service-les-ruinettes-et-agrandissement-de-lespace-de-stockage-des-skis-dans-notre-magasin-principal\/\",\"name\":\"Mise \u00e0 jour : Fermeture du Ski Service Les Ruinettes et agrandissement de la consigne des skis dans notre magasin principal - Ski Service | Verbier Ski Hire | Bike Rental | Lift Pass\",\"isPartOf\":{\"@id\":\"https:\/\/www.skiservice.com\/fr\/#website\"},\"datePublished\":\"2024-10-25T09:53:24+00:00\",\"dateModified\":\"2024-12-26T09:36:43+00:00\",\"description\":\"Notre merveilleux chapitre Ski Service Les Ruinettes s'ach\u00e8ve alors que notre offre de stockage gratuit des skis ne cesse de s'\u00e9toffer.\",\"breadcrumb\":{\"@id\":\"https:\/\/www.skiservice.com\/fr\/fermeture-ski-service-les-ruinettes-et-agrandissement-de-lespace-de-stockage-des-skis-dans-notre-magasin-principal\/#breadcrumb\"},\"inLanguage\":\"fr-FR\",\"potentialAction\":[{\"@type\":\"ReadAction\",\"target\":[\"https:\/\/www.skiservice.com\/fr\/fermeture-ski-service-les-ruinettes-et-agrandissement-de-lespace-de-stockage-des-skis-dans-notre-magasin-principal\/\"]}]},{\"@type\":\"BreadcrumbList\",\"@id\":\"https:\/\/www.skiservice.com\/fr\/fermeture-ski-service-les-ruinettes-et-agrandissement-de-lespace-de-stockage-des-skis-dans-notre-magasin-principal\/#breadcrumb\",\"itemListElement\":[{\"@type\":\"ListItem\",\"position\":1,\"name\":\"Home\",\"item\":\"https:\/\/www.skiservice.com\/fr\/\"},{\"@type\":\"ListItem\",\"position\":2,\"name\":\"Mise \u00e0 jour : Fermeture du Ski Service Les Ruinettes et agrandissement de la consigne des skis dans notre magasin principal\"}]},{\"@type\":\"WebSite\",\"@id\":\"https:\/\/www.skiservice.com\/fr\/#website\",\"url\":\"https:\/\/www.skiservice.com\/fr\/\",\"name\":\"Ski Service | Verbier Ski Hire | Bike Rental | Lift Pass\",\"description\":\"Verbier, Switzerland \u2013 Online Discount | Book Now\",\"publisher\":{\"@id\":\"https:\/\/www.skiservice.com\/fr\/#organization\"},\"potentialAction\":[{\"@type\":\"SearchAction\",\"target\":{\"@type\":\"EntryPoint\",\"urlTemplate\":\"https:\/\/www.skiservice.com\/fr\/?s={search_term_string}\"},\"query-input\":{\"@type\":\"PropertyValueSpecification\",\"valueRequired\":true,\"valueName\":\"search_term_string\"}}],\"inLanguage\":\"fr-FR\"},{\"@type\":\"Organization\",\"@id\":\"https:\/\/www.skiservice.com\/fr\/#organization\",\"name\":\"Ski Service | Verbier Ski Hire | Bike Rental | Lift Pass\",\"url\":\"https:\/\/www.skiservice.com\/fr\/\",\"logo\":{\"@type\":\"ImageObject\",\"inLanguage\":\"fr-FR\",\"@id\":\"https:\/\/www.skiservice.com\/fr\/#\/schema\/logo\/image\/\",\"url\":\"https:\/\/skiservice.com\/wp-content\/uploads\/2024\/10\/logo.webp\",\"contentUrl\":\"https:\/\/skiservice.com\/wp-content\/uploads\/2024\/10\/logo.webp\",\"width\":950,\"height\":585,\"caption\":\"Ski Service | Verbier Ski Hire | Bike Rental | Lift Pass\"},\"image\":{\"@id\":\"https:\/\/www.skiservice.com\/fr\/#\/schema\/logo\/image\/\"},\"sameAs\":[\"https:\/\/www.facebook.com\/skiserviceverbier\",\"https:\/\/x.com\/skiserviceverbi\",\"https:\/\/www.youtube.com\/user\/SkiServiceVerbier\",\"http:\/\/instagram.com\/skiserviceverbier\",\"https:\/\/www.pinterest.com\/skiserviceverbi\/\"]},{\"@type\":\"Person\",\"@id\":\"https:\/\/www.skiservice.com\/fr\/#\/schema\/person\/c6bc208d9ed9ec0fa7cc00be3ef2b073\",\"name\":\"manager@agence-mint.ch\",\"image\":{\"@type\":\"ImageObject\",\"inLanguage\":\"fr-FR\",\"@id\":\"https:\/\/www.skiservice.com\/fr\/#\/schema\/person\/image\/\",\"url\":\"https:\/\/secure.gravatar.com\/avatar\/e41ee5fed8e4fd865a04effb500c7ca5c8ed3bf10bbfe399cbd6f076cf5bee46?s=96&d=mm&r=g\",\"contentUrl\":\"https:\/\/secure.gravatar.com\/avatar\/e41ee5fed8e4fd865a04effb500c7ca5c8ed3bf10bbfe399cbd6f076cf5bee46?s=96&d=mm&r=g\",\"caption\":\"manager@agence-mint.ch\"},\"url\":\"https:\/\/www.skiservice.com\/fr\/author\/manageragence-mint-ch\/\"}]}<\/script>\n<!-- \/ Yoast SEO plugin. -->","yoast_head_json":{"title":"Mise \u00e0 jour : Fermeture du Ski Service Les Ruinettes et agrandissement de la consigne des skis dans notre magasin principal - Ski Service | Verbier Ski Hire | Bike Rental | Lift Pass","description":"Notre merveilleux chapitre Ski Service Les Ruinettes s'ach\u00e8ve alors que notre offre de stockage gratuit des skis ne cesse de s'\u00e9toffer.","robots":{"index":"index","follow":"follow","max-snippet":"max-snippet:-1","max-image-preview":"max-image-preview:large","max-video-preview":"max-video-preview:-1"},"canonical":"https:\/\/www.skiservice.com\/fr\/fermeture-ski-service-les-ruinettes-et-agrandissement-de-lespace-de-stockage-des-skis-dans-notre-magasin-principal\/","og_locale":"fr_FR","og_type":"article","og_title":"Mise \u00e0 jour : Fermeture du Ski Service Les Ruinettes et agrandissement de la consigne des skis dans notre magasin principal - Ski Service | Verbier Ski Hire | Bike Rental | Lift Pass","og_description":"Notre merveilleux chapitre Ski Service Les Ruinettes s'ach\u00e8ve alors que notre offre de stockage gratuit des skis ne cesse de s'\u00e9toffer.","og_url":"https:\/\/www.skiservice.com\/fr\/fermeture-ski-service-les-ruinettes-et-agrandissement-de-lespace-de-stockage-des-skis-dans-notre-magasin-principal\/","og_site_name":"Ski Service | Verbier Ski Hire | Bike Rental | Lift Pass","article_publisher":"https:\/\/www.facebook.com\/skiserviceverbier","article_published_time":"2024-10-25T09:53:24+00:00","article_modified_time":"2024-12-26T09:36:43+00:00","og_image":[{"width":1617,"height":1284,"url":"https:\/\/www.skiservice.com\/wp-content\/uploads\/2024\/12\/black-friday-verbier-ski-hire-powder-red-jacket-scaled-e1733707310608.jpg","type":"image\/jpeg"}],"author":"manager@agence-mint.ch","twitter_card":"summary_large_image","twitter_creator":"@skiserviceverbi","twitter_site":"@skiserviceverbi","twitter_misc":{"\u00c9crit par":"manager@agence-mint.ch","Dur\u00e9e de lecture estim\u00e9e":"1 minute"},"schema":{"@context":"https:\/\/schema.org","@graph":[{"@type":"Article","@id":"https:\/\/www.skiservice.com\/fr\/fermeture-ski-service-les-ruinettes-et-agrandissement-de-lespace-de-stockage-des-skis-dans-notre-magasin-principal\/#article","isPartOf":{"@id":"https:\/\/www.skiservice.com\/fr\/fermeture-ski-service-les-ruinettes-et-agrandissement-de-lespace-de-stockage-des-skis-dans-notre-magasin-principal\/"},"author":{"name":"manager@agence-mint.ch","@id":"https:\/\/www.skiservice.com\/fr\/#\/schema\/person\/c6bc208d9ed9ec0fa7cc00be3ef2b073"},"headline":"Mise \u00e0 jour : Fermeture du Ski Service Les Ruinettes et agrandissement de la consigne des skis dans notre magasin principal","datePublished":"2024-10-25T09:53:24+00:00","dateModified":"2024-12-26T09:36:43+00:00","mainEntityOfPage":{"@id":"https:\/\/www.skiservice.com\/fr\/fermeture-ski-service-les-ruinettes-et-agrandissement-de-lespace-de-stockage-des-skis-dans-notre-magasin-principal\/"},"wordCount":42,"publisher":{"@id":"https:\/\/www.skiservice.com\/fr\/#organization"},"articleSection":["Non classifi\u00e9(e)"],"inLanguage":"fr-FR"},{"@type":"WebPage","@id":"https:\/\/www.skiservice.com\/fr\/fermeture-ski-service-les-ruinettes-et-agrandissement-de-lespace-de-stockage-des-skis-dans-notre-magasin-principal\/","url":"https:\/\/www.skiservice.com\/fr\/fermeture-ski-service-les-ruinettes-et-agrandissement-de-lespace-de-stockage-des-skis-dans-notre-magasin-principal\/","name":"Mise \u00e0 jour : Fermeture du Ski Service Les Ruinettes et agrandissement de la consigne des skis dans notre magasin principal - Ski Service | Verbier Ski Hire | Bike Rental | Lift Pass","isPartOf":{"@id":"https:\/\/www.skiservice.com\/fr\/#website"},"datePublished":"2024-10-25T09:53:24+00:00","dateModified":"2024-12-26T09:36:43+00:00","description":"Notre merveilleux chapitre Ski Service Les Ruinettes s'ach\u00e8ve alors que notre offre de stockage gratuit des skis ne cesse de s'\u00e9toffer.","breadcrumb":{"@id":"https:\/\/www.skiservice.com\/fr\/fermeture-ski-service-les-ruinettes-et-agrandissement-de-lespace-de-stockage-des-skis-dans-notre-magasin-principal\/#breadcrumb"},"inLanguage":"fr-FR","potentialAction":[{"@type":"ReadAction","target":["https:\/\/www.skiservice.com\/fr\/fermeture-ski-service-les-ruinettes-et-agrandissement-de-lespace-de-stockage-des-skis-dans-notre-magasin-principal\/"]}]},{"@type":"BreadcrumbList","@id":"https:\/\/www.skiservice.com\/fr\/fermeture-ski-service-les-ruinettes-et-agrandissement-de-lespace-de-stockage-des-skis-dans-notre-magasin-principal\/#breadcrumb","itemListElement":[{"@type":"ListItem","position":1,"name":"Home","item":"https:\/\/www.skiservice.com\/fr\/"},{"@type":"ListItem","position":2,"name":"Mise \u00e0 jour : Fermeture du Ski Service Les Ruinettes et agrandissement de la consigne des skis dans notre magasin principal"}]},{"@type":"WebSite","@id":"https:\/\/www.skiservice.com\/fr\/#website","url":"https:\/\/www.skiservice.com\/fr\/","name":"Ski Service | Verbier Ski Hire | Bike Rental | Lift Pass","description":"Verbier, Switzerland \u2013 Online Discount | Book Now","publisher":{"@id":"https:\/\/www.skiservice.com\/fr\/#organization"},"potentialAction":[{"@type":"SearchAction","target":{"@type":"EntryPoint","urlTemplate":"https:\/\/www.skiservice.com\/fr\/?s={search_term_string}"},"query-input":{"@type":"PropertyValueSpecification","valueRequired":true,"valueName":"search_term_string"}}],"inLanguage":"fr-FR"},{"@type":"Organization","@id":"https:\/\/www.skiservice.com\/fr\/#organization","name":"Ski Service | Verbier Ski Hire | Bike Rental | Lift Pass","url":"https:\/\/www.skiservice.com\/fr\/","logo":{"@type":"ImageObject","inLanguage":"fr-FR","@id":"https:\/\/www.skiservice.com\/fr\/#\/schema\/logo\/image\/","url":"https:\/\/skiservice.com\/wp-content\/uploads\/2024\/10\/logo.webp","contentUrl":"https:\/\/skiservice.com\/wp-content\/uploads\/2024\/10\/logo.webp","width":950,"height":585,"caption":"Ski Service | Verbier Ski Hire | Bike Rental | Lift Pass"},"image":{"@id":"https:\/\/www.skiservice.com\/fr\/#\/schema\/logo\/image\/"},"sameAs":["https:\/\/www.facebook.com\/skiserviceverbier","https:\/\/x.com\/skiserviceverbi","https:\/\/www.youtube.com\/user\/SkiServiceVerbier","http:\/\/instagram.com\/skiserviceverbier","https:\/\/www.pinterest.com\/skiserviceverbi\/"]},{"@type":"Person","@id":"https:\/\/www.skiservice.com\/fr\/#\/schema\/person\/c6bc208d9ed9ec0fa7cc00be3ef2b073","name":"manager@agence-mint.ch","image":{"@type":"ImageObject","inLanguage":"fr-FR","@id":"https:\/\/www.skiservice.com\/fr\/#\/schema\/person\/image\/","url":"https:\/\/secure.gravatar.com\/avatar\/e41ee5fed8e4fd865a04effb500c7ca5c8ed3bf10bbfe399cbd6f076cf5bee46?s=96&d=mm&r=g","contentUrl":"https:\/\/secure.gravatar.com\/avatar\/e41ee5fed8e4fd865a04effb500c7ca5c8ed3bf10bbfe399cbd6f076cf5bee46?s=96&d=mm&r=g","caption":"manager@agence-mint.ch"},"url":"https:\/\/www.skiservice.com\/fr\/author\/manageragence-mint-ch\/"}]}},"_links":{"self":[{"href":"https:\/\/www.skiservice.com\/fr\/wp-json\/wp\/v2\/posts\/3806","targetHints":{"allow":["GET"]}}],"collection":[{"href":"https:\/\/www.skiservice.com\/fr\/wp-json\/wp\/v2\/posts"}],"about":[{"href":"https:\/\/www.skiservice.com\/fr\/wp-json\/wp\/v2\/types\/post"}],"author":[{"embeddable":true,"href":"https:\/\/www.skiservice.com\/fr\/wp-json\/wp\/v2\/users\/4"}],"replies":[{"embeddable":true,"href":"https:\/\/www.skiservice.com\/fr\/wp-json\/wp\/v2\/comments?post=3806"}],"version-history":[{"count":8,"href":"https:\/\/www.skiservice.com\/fr\/wp-json\/wp\/v2\/posts\/3806\/revisions"}],"predecessor-version":[{"id":4101,"href":"https:\/\/www.skiservice.com\/fr\/wp-json\/wp\/v2\/posts\/3806\/revisions\/4101"}],"wp:attachment":[{"href":"https:\/\/www.skiservice.com\/fr\/wp-json\/wp\/v2\/media?parent=3806"}],"wp:term":[{"taxonomy":"category","embeddable":true,"href":"https:\/\/www.skiservice.com\/fr\/wp-json\/wp\/v2\/categories?post=3806"},{"taxonomy":"post_tag","embeddable":true,"href":"https:\/\/www.skiservice.com\/fr\/wp-json\/wp\/v2\/tags?post=3806"}],"curies":[{"name":"wp","href":"https:\/\/api.w.org\/{rel}","templated":true}]}}